{"id":63924,"date":"2026-07-22T16:42:20","date_gmt":"2026-07-22T13:42:20","guid":{"rendered":"https:\/\/atipic.ong\/?p=63924"},"modified":"2026-07-22T18:20:15","modified_gmt":"2026-07-22T15:20:15","slug":"atipic-se-extinde-in-piatra-neamt","status":"publish","type":"post","link":"https:\/\/atipic.ong\/en\/atipic-se-extinde-in-piatra-neamt\/","title":{"rendered":"ATIPIC expands to Piatra Neam\u021b. We officially launched the ATIPIC Neam\u021b branch, together with the Sunt Aici Community"},"content":{"rendered":"<p class=\"wp-block-paragraph\"><strong>Piatra Neam\u021b officially becomes part of the ATIPIC regional network.<\/strong> On <strong>July 18, 2026<\/strong>, at <strong><a href=\"https:\/\/rubikhub.com\/\">Rubik Hub<\/a><\/strong>, we held the first edition of <strong>ATIPIC Meet Piatra Neam\u021b<\/strong>, an event that marked the launch of the ATIPIC Neam\u021b branch, developed in partnership with <a href=\"https:\/\/www.facebook.com\/p\/Sunt-aici-Piatra-Neamt-61556328582221\/\"><strong>the Sunt Aici Community \u2013 Neam\u021b branch<\/strong>.<\/a><\/p>\n\n\n\n<p class=\"wp-block-paragraph\">This step is part of ATIPIC's strategy to build a regional network of entrepreneurial communities, where people, companies, and organizations collaborate beyond the boundaries of a single city.<\/p>\n\n\n\n<h2 class=\"wp-block-heading\"><strong>A beginning built together<\/strong><\/h2>\n\n\n\n<p class=\"wp-block-paragraph\">More than a hundred entrepreneurs, professionals, and community members from <strong>Neam\u021b, Ia\u0219i \u0219i Bac\u0103u<\/strong> took part in this first edition, held in a space that has already become a landmark for innovation and entrepreneurship in the county: <strong>Rubik Hub<\/strong>.<\/p>\n\n\n\n<p class=\"wp-block-paragraph\">The conference brought together people with different experiences, but with the same desire to share ideas and to inspire.<\/p>\n\n\n\n<p class=\"wp-block-paragraph\">Thank you to our speakers:<\/p>\n\n\n\n<ul class=\"wp-block-list\">\n<li><strong>Mihaela Munteanu<\/strong><\/li>\n\n\n\n<li><strong>Marius Alexe<\/strong><\/li>\n\n\n\n<li><strong>Teona Gherasim<\/strong><\/li>\n\n\n\n<li><strong>Eduard Modreanu<\/strong><\/li>\n\n\n\n<li><strong>Valentin \u021aoc<\/strong><\/li>\n\n\n\n<li><strong>Andrei Ungureanu<\/strong><\/li>\n<\/ul>\n\n\n\n<p class=\"wp-block-paragraph\">Discussions continued even after the conference ended, confirming one of ATIPIC's principles: the most valuable collaborations happen when people have time to get to know each other naturally.<\/p>\n\n\n\n<h2 class=\"wp-block-heading\"><strong>Community is built through partners<\/strong><\/h2>\n\n\n\n<p class=\"wp-block-paragraph\">ATIPIC Neam\u021b is setting out alongside partners who already contribute to the economic and entrepreneurial development of the county.<\/p>\n\n\n\n<p class=\"wp-block-paragraph\"><strong><a href=\"https:\/\/ozana.biz\/\">OZANA<\/a><\/strong>, our hydration partner, produces in Neam\u021b County and represents one of the Romanian brands with a tradition in the region. After the event, the OZANA team invited us to visit the factory in <strong>Leghin, comuna Pipirig<\/strong>, a first step toward future joint projects.<\/p>\n\n\n\n<p class=\"wp-block-paragraph\"><strong><a href=\"https:\/\/cartuf.ro\/\">CARTUF<\/a><\/strong>, an ATIPIC partner, has a significant presence in Piatra Neam\u021b and contributes to the development of the local ecosystem through the solutions and services it offers to the business community.<\/p>\n\n\n\n<p class=\"wp-block-paragraph\">An important role is also played by <a href=\"https:\/\/www.casabicajeanului.ro\/\"><strong>Casa Bic\u0103jeanului<\/strong>,<\/a> a community partner and the place where participants continued the ATIPIC experience in a relaxed setting, at Lacul Ro\u0219u. There, the conversations started at the conference turned into new connections and ideas for collaboration.<\/p>\n\n\n\n<h2 class=\"wp-block-heading\"><strong>Marius Pop will coordinate the development of ATIPIC Neam\u021b<\/strong><\/h2>\n\n\n\n<p class=\"wp-block-paragraph\">Since February, <a href=\"https:\/\/www.facebook.com\/profile.php?id=100008943635280\"><strong>Marius Pop<\/strong> <\/a>has taken on the challenge of coordinating the development of the ATIPIC Neam\u021b branch.<\/p>\n\n\n\n<p class=\"wp-block-paragraph\">Through his work in both Neam\u021b and Harghita counties and the relationships he has built in both areas, Marius brings a regional perspective to the community. For ATIPIC, this is a real advantage.<\/p>\n\n\n\n<p class=\"wp-block-paragraph\">We believe community development shouldn't be limited by administrative borders, but supported through collaboration between people, organizations, and companies across the whole region.<\/p>\n\n\n\n<h2 class=\"wp-block-heading\"><strong>Next goal: October 16, 2026<\/strong><\/h2>\n\n\n\n<p class=\"wp-block-paragraph\">The launch of the Neam\u021b branch is just the beginning.<\/p>\n\n\n\n<p class=\"wp-block-paragraph\">The community's next major regional project will take place on <strong>October 16, 2026<\/strong>, la Ia\u0219i, c\u00e2nd ATIPIC va organiza, \u00eempreun\u0103 cu <strong>Camera de Comer\u021b \u0219i Industrie Ia\u0219i<\/strong>, primul eveniment regional dedicat <strong><a href=\"https:\/\/atipic.ong\/en\/atipic-eu-trade-policy-conference\/\">EU Trade Policy Week<\/a><\/strong>, \u00een colaborare cu reprezentan\u021bi ai <strong>Comisiei Europene<\/strong> \u0219i ai re\u021belei <strong>EU Trade Champions<\/strong>.<\/p>\n\n\n\n<p class=\"wp-block-paragraph\">The event will bring together entrepreneurs, exporters, institutions, and experts to discuss international trade, competitiveness, and development opportunities for companies in the North-East Region.<\/p>\n\n\n\n<p class=\"wp-block-paragraph\">We want entrepreneurs and companies from <strong>Neam\u021b<\/strong> to be actively represented in this dialogue and to be part of the regional projects we're developing.<\/p>\n\n\n\n<h2 class=\"wp-block-heading\"><strong>Building a regional community<\/strong><\/h2>\n\n\n\n<p class=\"wp-block-paragraph\">ATIPIC aims to connect entrepreneurs, professionals, companies, organizations, and institutions across the whole region, offering real contexts for collaboration and development.<\/p>\n\n\n\n<p class=\"wp-block-paragraph\">Today, the community is present in <strong>Ia\u0219i, Bac\u0103u and Piatra Neam\u021b<\/strong>, and our plans go even further.<\/p>\n\n\n\n<p class=\"wp-block-paragraph\">We take on this mission of continuing to connect, <strong>together<\/strong>.<\/p>\n\n\n\n<p class=\"wp-block-paragraph\"><strong>Connecting people and ideas for success.<\/strong><\/p>\n\n\n\n<figure class=\"wp-block-gallery has-nested-images columns-default is-cropped wp-block-gallery-1 is-layout-flex wp-block-gallery-is-layout-flex\">\n<figure class=\"wp-block-image size-large\"><img fetchpriority=\"high\" decoding=\"async\" width=\"1024\" height=\"683\" data-id=\"63935\" src=\"https:\/\/atipic.ong\/wp-content\/uploads\/2026\/07\/Atipic-meet-piatra-neamt-1-1024x683.jpg\" alt=\"Comunitate antreprenorial\u0103 Moldova\" class=\"wp-image-63935\" srcset=\"https:\/\/atipic.ong\/wp-content\/uploads\/2026\/07\/Atipic-meet-piatra-neamt-1-1024x683.jpg 1024w, https:\/\/atipic.ong\/wp-content\/uploads\/2026\/07\/Atipic-meet-piatra-neamt-1-300x200.jpg 300w, https:\/\/atipic.ong\/wp-content\/uploads\/2026\/07\/Atipic-meet-piatra-neamt-1-768x512.jpg 768w, https:\/\/atipic.ong\/wp-content\/uploads\/2026\/07\/Atipic-meet-piatra-neamt-1-1536x1024.jpg 1536w, https:\/\/atipic.ong\/wp-content\/uploads\/2026\/07\/Atipic-meet-piatra-neamt-1-18x12.jpg 18w, https:\/\/atipic.ong\/wp-content\/uploads\/2026\/07\/Atipic-meet-piatra-neamt-1-370x247.jpg 370w, https:\/\/atipic.ong\/wp-content\/uploads\/2026\/07\/Atipic-meet-piatra-neamt-1-840x560.jpg 840w, https:\/\/atipic.ong\/wp-content\/uploads\/2026\/07\/Atipic-meet-piatra-neamt-1-410x273.jpg 410w, https:\/\/atipic.ong\/wp-content\/uploads\/2026\/07\/Atipic-meet-piatra-neamt-1.jpg 2048w\" sizes=\"(max-width: 1024px) 100vw, 1024px\" \/><\/figure>\n\n\n\n<figure class=\"wp-block-image size-large\"><img decoding=\"async\" width=\"1024\" height=\"683\" data-id=\"63934\" src=\"https:\/\/atipic.ong\/wp-content\/uploads\/2026\/07\/Atipic-meet-piatra-neamt-1.3-1024x683.jpg\" alt=\"Networking antreprenorial Neam\u021b\" class=\"wp-image-63934\" srcset=\"https:\/\/atipic.ong\/wp-content\/uploads\/2026\/07\/Atipic-meet-piatra-neamt-1.3-1024x683.jpg 1024w, https:\/\/atipic.ong\/wp-content\/uploads\/2026\/07\/Atipic-meet-piatra-neamt-1.3-300x200.jpg 300w, https:\/\/atipic.ong\/wp-content\/uploads\/2026\/07\/Atipic-meet-piatra-neamt-1.3-768x512.jpg 768w, https:\/\/atipic.ong\/wp-content\/uploads\/2026\/07\/Atipic-meet-piatra-neamt-1.3-1536x1024.jpg 1536w, https:\/\/atipic.ong\/wp-content\/uploads\/2026\/07\/Atipic-meet-piatra-neamt-1.3-18x12.jpg 18w, https:\/\/atipic.ong\/wp-content\/uploads\/2026\/07\/Atipic-meet-piatra-neamt-1.3-370x247.jpg 370w, https:\/\/atipic.ong\/wp-content\/uploads\/2026\/07\/Atipic-meet-piatra-neamt-1.3-840x560.jpg 840w, https:\/\/atipic.ong\/wp-content\/uploads\/2026\/07\/Atipic-meet-piatra-neamt-1.3-410x273.jpg 410w, https:\/\/atipic.ong\/wp-content\/uploads\/2026\/07\/Atipic-meet-piatra-neamt-1.3.jpg 2048w\" sizes=\"(max-width: 1024px) 100vw, 1024px\" \/><\/figure>\n\n\n\n<figure class=\"wp-block-image size-large\"><img decoding=\"async\" width=\"1024\" height=\"683\" data-id=\"63936\" src=\"https:\/\/atipic.ong\/wp-content\/uploads\/2026\/07\/Atipic-meet-piatra-neamt-1.2-1024x683.jpg\" alt=\"Comunitate antreprenorial\u0103 Piatra Neam\u021b la Rubik Hub\" class=\"wp-image-63936\" srcset=\"https:\/\/atipic.ong\/wp-content\/uploads\/2026\/07\/Atipic-meet-piatra-neamt-1.2-1024x683.jpg 1024w, https:\/\/atipic.ong\/wp-content\/uploads\/2026\/07\/Atipic-meet-piatra-neamt-1.2-300x200.jpg 300w, https:\/\/atipic.ong\/wp-content\/uploads\/2026\/07\/Atipic-meet-piatra-neamt-1.2-768x512.jpg 768w, https:\/\/atipic.ong\/wp-content\/uploads\/2026\/07\/Atipic-meet-piatra-neamt-1.2-1536x1024.jpg 1536w, https:\/\/atipic.ong\/wp-content\/uploads\/2026\/07\/Atipic-meet-piatra-neamt-1.2-18x12.jpg 18w, https:\/\/atipic.ong\/wp-content\/uploads\/2026\/07\/Atipic-meet-piatra-neamt-1.2-370x247.jpg 370w, https:\/\/atipic.ong\/wp-content\/uploads\/2026\/07\/Atipic-meet-piatra-neamt-1.2-840x560.jpg 840w, https:\/\/atipic.ong\/wp-content\/uploads\/2026\/07\/Atipic-meet-piatra-neamt-1.2-410x273.jpg 410w, https:\/\/atipic.ong\/wp-content\/uploads\/2026\/07\/Atipic-meet-piatra-neamt-1.2.jpg 2048w\" sizes=\"(max-width: 1024px) 100vw, 1024px\" \/><\/figure>\n\n\n\n<figure class=\"wp-block-image size-large\"><img loading=\"lazy\" decoding=\"async\" width=\"1024\" height=\"683\" data-id=\"63932\" src=\"https:\/\/atipic.ong\/wp-content\/uploads\/2026\/07\/Atipic-meet-piatra-neamt-1.4-1024x683.jpg\" alt=\"ATIPIC Meet Piatra Neam\u021b\" class=\"wp-image-63932\" srcset=\"https:\/\/atipic.ong\/wp-content\/uploads\/2026\/07\/Atipic-meet-piatra-neamt-1.4-1024x683.jpg 1024w, https:\/\/atipic.ong\/wp-content\/uploads\/2026\/07\/Atipic-meet-piatra-neamt-1.4-300x200.jpg 300w, https:\/\/atipic.ong\/wp-content\/uploads\/2026\/07\/Atipic-meet-piatra-neamt-1.4-768x512.jpg 768w, https:\/\/atipic.ong\/wp-content\/uploads\/2026\/07\/Atipic-meet-piatra-neamt-1.4-1536x1024.jpg 1536w, https:\/\/atipic.ong\/wp-content\/uploads\/2026\/07\/Atipic-meet-piatra-neamt-1.4-18x12.jpg 18w, https:\/\/atipic.ong\/wp-content\/uploads\/2026\/07\/Atipic-meet-piatra-neamt-1.4-370x247.jpg 370w, https:\/\/atipic.ong\/wp-content\/uploads\/2026\/07\/Atipic-meet-piatra-neamt-1.4-840x560.jpg 840w, https:\/\/atipic.ong\/wp-content\/uploads\/2026\/07\/Atipic-meet-piatra-neamt-1.4-410x273.jpg 410w, https:\/\/atipic.ong\/wp-content\/uploads\/2026\/07\/Atipic-meet-piatra-neamt-1.4.jpg 2048w\" sizes=\"(max-width: 1024px) 100vw, 1024px\" \/><\/figure>\n\n\n\n<figure class=\"wp-block-image size-large\"><img loading=\"lazy\" decoding=\"async\" width=\"1024\" height=\"683\" data-id=\"63931\" src=\"https:\/\/atipic.ong\/wp-content\/uploads\/2026\/07\/Atipic-meet-piatra-neamt-1.5-1024x683.jpg\" alt=\"Rubik Hub Piatra Neam\u021b\" class=\"wp-image-63931\" srcset=\"https:\/\/atipic.ong\/wp-content\/uploads\/2026\/07\/Atipic-meet-piatra-neamt-1.5-1024x683.jpg 1024w, https:\/\/atipic.ong\/wp-content\/uploads\/2026\/07\/Atipic-meet-piatra-neamt-1.5-300x200.jpg 300w, https:\/\/atipic.ong\/wp-content\/uploads\/2026\/07\/Atipic-meet-piatra-neamt-1.5-768x512.jpg 768w, https:\/\/atipic.ong\/wp-content\/uploads\/2026\/07\/Atipic-meet-piatra-neamt-1.5-1536x1024.jpg 1536w, https:\/\/atipic.ong\/wp-content\/uploads\/2026\/07\/Atipic-meet-piatra-neamt-1.5-18x12.jpg 18w, https:\/\/atipic.ong\/wp-content\/uploads\/2026\/07\/Atipic-meet-piatra-neamt-1.5-370x247.jpg 370w, https:\/\/atipic.ong\/wp-content\/uploads\/2026\/07\/Atipic-meet-piatra-neamt-1.5-840x560.jpg 840w, https:\/\/atipic.ong\/wp-content\/uploads\/2026\/07\/Atipic-meet-piatra-neamt-1.5-410x273.jpg 410w, https:\/\/atipic.ong\/wp-content\/uploads\/2026\/07\/Atipic-meet-piatra-neamt-1.5.jpg 2048w\" sizes=\"(max-width: 1024px) 100vw, 1024px\" \/><\/figure>\n\n\n\n<figure class=\"wp-block-image size-large\"><img loading=\"lazy\" decoding=\"async\" width=\"1024\" height=\"683\" data-id=\"63930\" src=\"https:\/\/atipic.ong\/wp-content\/uploads\/2026\/07\/Atipic-meet-piatra-neamt-1.6-1024x683.jpg\" alt=\"Comunitate antreprenorial\u0103 Piatra Neam\u021b la Rubik Hub\" class=\"wp-image-63930\" srcset=\"https:\/\/atipic.ong\/wp-content\/uploads\/2026\/07\/Atipic-meet-piatra-neamt-1.6-1024x683.jpg 1024w, https:\/\/atipic.ong\/wp-content\/uploads\/2026\/07\/Atipic-meet-piatra-neamt-1.6-300x200.jpg 300w, https:\/\/atipic.ong\/wp-content\/uploads\/2026\/07\/Atipic-meet-piatra-neamt-1.6-768x512.jpg 768w, https:\/\/atipic.ong\/wp-content\/uploads\/2026\/07\/Atipic-meet-piatra-neamt-1.6-1536x1024.jpg 1536w, https:\/\/atipic.ong\/wp-content\/uploads\/2026\/07\/Atipic-meet-piatra-neamt-1.6-18x12.jpg 18w, https:\/\/atipic.ong\/wp-content\/uploads\/2026\/07\/Atipic-meet-piatra-neamt-1.6-370x247.jpg 370w, https:\/\/atipic.ong\/wp-content\/uploads\/2026\/07\/Atipic-meet-piatra-neamt-1.6-840x560.jpg 840w, https:\/\/atipic.ong\/wp-content\/uploads\/2026\/07\/Atipic-meet-piatra-neamt-1.6-410x273.jpg 410w, https:\/\/atipic.ong\/wp-content\/uploads\/2026\/07\/Atipic-meet-piatra-neamt-1.6.jpg 2048w\" sizes=\"(max-width: 1024px) 100vw, 1024px\" \/><\/figure>\n\n\n\n<figure class=\"wp-block-image size-large\"><img loading=\"lazy\" decoding=\"async\" width=\"1024\" height=\"683\" data-id=\"63929\" src=\"https:\/\/atipic.ong\/wp-content\/uploads\/2026\/07\/Atipic-meet-piatra-neamt-1.12-1024x683.jpg\" alt=\"filiala ATIPIC Neam\u021b\" class=\"wp-image-63929\" srcset=\"https:\/\/atipic.ong\/wp-content\/uploads\/2026\/07\/Atipic-meet-piatra-neamt-1.12-1024x683.jpg 1024w, https:\/\/atipic.ong\/wp-content\/uploads\/2026\/07\/Atipic-meet-piatra-neamt-1.12-300x200.jpg 300w, https:\/\/atipic.ong\/wp-content\/uploads\/2026\/07\/Atipic-meet-piatra-neamt-1.12-768x512.jpg 768w, https:\/\/atipic.ong\/wp-content\/uploads\/2026\/07\/Atipic-meet-piatra-neamt-1.12-1536x1024.jpg 1536w, https:\/\/atipic.ong\/wp-content\/uploads\/2026\/07\/Atipic-meet-piatra-neamt-1.12-18x12.jpg 18w, https:\/\/atipic.ong\/wp-content\/uploads\/2026\/07\/Atipic-meet-piatra-neamt-1.12-370x247.jpg 370w, https:\/\/atipic.ong\/wp-content\/uploads\/2026\/07\/Atipic-meet-piatra-neamt-1.12-840x560.jpg 840w, https:\/\/atipic.ong\/wp-content\/uploads\/2026\/07\/Atipic-meet-piatra-neamt-1.12-410x273.jpg 410w, https:\/\/atipic.ong\/wp-content\/uploads\/2026\/07\/Atipic-meet-piatra-neamt-1.12.jpg 2048w\" sizes=\"(max-width: 1024px) 100vw, 1024px\" \/><\/figure>\n\n\n\n<figure class=\"wp-block-image size-large\"><img loading=\"lazy\" decoding=\"async\" width=\"1024\" height=\"683\" data-id=\"63933\" src=\"https:\/\/atipic.ong\/wp-content\/uploads\/2026\/07\/Atipic-meet-piatra-neamt-1.11-1024x683.jpg\" alt=\"Comunitate antreprenorial\u0103 Piatra Neam\u021b la Rubik Hub\" class=\"wp-image-63933\" srcset=\"https:\/\/atipic.ong\/wp-content\/uploads\/2026\/07\/Atipic-meet-piatra-neamt-1.11-1024x683.jpg 1024w, https:\/\/atipic.ong\/wp-content\/uploads\/2026\/07\/Atipic-meet-piatra-neamt-1.11-300x200.jpg 300w, https:\/\/atipic.ong\/wp-content\/uploads\/2026\/07\/Atipic-meet-piatra-neamt-1.11-768x512.jpg 768w, https:\/\/atipic.ong\/wp-content\/uploads\/2026\/07\/Atipic-meet-piatra-neamt-1.11-1536x1024.jpg 1536w, https:\/\/atipic.ong\/wp-content\/uploads\/2026\/07\/Atipic-meet-piatra-neamt-1.11-18x12.jpg 18w, https:\/\/atipic.ong\/wp-content\/uploads\/2026\/07\/Atipic-meet-piatra-neamt-1.11-370x247.jpg 370w, https:\/\/atipic.ong\/wp-content\/uploads\/2026\/07\/Atipic-meet-piatra-neamt-1.11-840x560.jpg 840w, https:\/\/atipic.ong\/wp-content\/uploads\/2026\/07\/Atipic-meet-piatra-neamt-1.11-410x273.jpg 410w, https:\/\/atipic.ong\/wp-content\/uploads\/2026\/07\/Atipic-meet-piatra-neamt-1.11.jpg 2048w\" sizes=\"(max-width: 1024px) 100vw, 1024px\" \/><\/figure>\n\n\n\n<figure class=\"wp-block-image size-large\"><img loading=\"lazy\" decoding=\"async\" width=\"1024\" height=\"683\" data-id=\"63928\" src=\"https:\/\/atipic.ong\/wp-content\/uploads\/2026\/07\/Atipic-meet-piatra-neamt-1.10-1024x683.jpg\" alt=\"Comunitate antreprenorial\u0103 Piatra Neam\u021b la Rubik Hub\" class=\"wp-image-63928\" srcset=\"https:\/\/atipic.ong\/wp-content\/uploads\/2026\/07\/Atipic-meet-piatra-neamt-1.10-1024x683.jpg 1024w, https:\/\/atipic.ong\/wp-content\/uploads\/2026\/07\/Atipic-meet-piatra-neamt-1.10-300x200.jpg 300w, https:\/\/atipic.ong\/wp-content\/uploads\/2026\/07\/Atipic-meet-piatra-neamt-1.10-768x512.jpg 768w, https:\/\/atipic.ong\/wp-content\/uploads\/2026\/07\/Atipic-meet-piatra-neamt-1.10-1536x1024.jpg 1536w, https:\/\/atipic.ong\/wp-content\/uploads\/2026\/07\/Atipic-meet-piatra-neamt-1.10-18x12.jpg 18w, https:\/\/atipic.ong\/wp-content\/uploads\/2026\/07\/Atipic-meet-piatra-neamt-1.10-370x247.jpg 370w, https:\/\/atipic.ong\/wp-content\/uploads\/2026\/07\/Atipic-meet-piatra-neamt-1.10-840x560.jpg 840w, https:\/\/atipic.ong\/wp-content\/uploads\/2026\/07\/Atipic-meet-piatra-neamt-1.10-410x273.jpg 410w, https:\/\/atipic.ong\/wp-content\/uploads\/2026\/07\/Atipic-meet-piatra-neamt-1.10.jpg 2048w\" sizes=\"(max-width: 1024px) 100vw, 1024px\" \/><\/figure>\n\n\n\n<figure class=\"wp-block-image size-large\"><img loading=\"lazy\" decoding=\"async\" width=\"1024\" height=\"683\" data-id=\"63927\" src=\"https:\/\/atipic.ong\/wp-content\/uploads\/2026\/07\/Atipic-meet-piatra-neamt-1.9-1024x683.jpg\" alt=\"Comunitate antreprenorial\u0103 Piatra Neam\u021b la Rubik Hub\" class=\"wp-image-63927\" srcset=\"https:\/\/atipic.ong\/wp-content\/uploads\/2026\/07\/Atipic-meet-piatra-neamt-1.9-1024x683.jpg 1024w, https:\/\/atipic.ong\/wp-content\/uploads\/2026\/07\/Atipic-meet-piatra-neamt-1.9-300x200.jpg 300w, https:\/\/atipic.ong\/wp-content\/uploads\/2026\/07\/Atipic-meet-piatra-neamt-1.9-768x512.jpg 768w, https:\/\/atipic.ong\/wp-content\/uploads\/2026\/07\/Atipic-meet-piatra-neamt-1.9-1536x1024.jpg 1536w, https:\/\/atipic.ong\/wp-content\/uploads\/2026\/07\/Atipic-meet-piatra-neamt-1.9-18x12.jpg 18w, https:\/\/atipic.ong\/wp-content\/uploads\/2026\/07\/Atipic-meet-piatra-neamt-1.9-370x247.jpg 370w, https:\/\/atipic.ong\/wp-content\/uploads\/2026\/07\/Atipic-meet-piatra-neamt-1.9-840x560.jpg 840w, https:\/\/atipic.ong\/wp-content\/uploads\/2026\/07\/Atipic-meet-piatra-neamt-1.9-410x273.jpg 410w, https:\/\/atipic.ong\/wp-content\/uploads\/2026\/07\/Atipic-meet-piatra-neamt-1.9.jpg 2048w\" sizes=\"(max-width: 1024px) 100vw, 1024px\" \/><\/figure>\n\n\n\n<figure class=\"wp-block-image size-large\"><img loading=\"lazy\" decoding=\"async\" width=\"1024\" height=\"683\" data-id=\"63925\" src=\"https:\/\/atipic.ong\/wp-content\/uploads\/2026\/07\/Atipic-meet-piatra-neamt-1.8-1024x683.jpg\" alt=\"Antreprenori Piatra Neam\u021b\" class=\"wp-image-63925\" srcset=\"https:\/\/atipic.ong\/wp-content\/uploads\/2026\/07\/Atipic-meet-piatra-neamt-1.8-1024x683.jpg 1024w, https:\/\/atipic.ong\/wp-content\/uploads\/2026\/07\/Atipic-meet-piatra-neamt-1.8-300x200.jpg 300w, https:\/\/atipic.ong\/wp-content\/uploads\/2026\/07\/Atipic-meet-piatra-neamt-1.8-768x512.jpg 768w, https:\/\/atipic.ong\/wp-content\/uploads\/2026\/07\/Atipic-meet-piatra-neamt-1.8-1536x1024.jpg 1536w, https:\/\/atipic.ong\/wp-content\/uploads\/2026\/07\/Atipic-meet-piatra-neamt-1.8-18x12.jpg 18w, https:\/\/atipic.ong\/wp-content\/uploads\/2026\/07\/Atipic-meet-piatra-neamt-1.8-370x247.jpg 370w, https:\/\/atipic.ong\/wp-content\/uploads\/2026\/07\/Atipic-meet-piatra-neamt-1.8-840x560.jpg 840w, https:\/\/atipic.ong\/wp-content\/uploads\/2026\/07\/Atipic-meet-piatra-neamt-1.8-410x273.jpg 410w, https:\/\/atipic.ong\/wp-content\/uploads\/2026\/07\/Atipic-meet-piatra-neamt-1.8.jpg 2048w\" sizes=\"(max-width: 1024px) 100vw, 1024px\" \/><\/figure>\n\n\n\n<figure class=\"wp-block-image size-large\"><img loading=\"lazy\" decoding=\"async\" width=\"1024\" height=\"683\" data-id=\"63926\" src=\"https:\/\/atipic.ong\/wp-content\/uploads\/2026\/07\/Atipic-meet-piatra-neamt-1.7-1024x683.jpg\" alt=\"Comunitate antreprenorial\u0103 Piatra Neam\u021b la Rubik Hub\" class=\"wp-image-63926\" srcset=\"https:\/\/atipic.ong\/wp-content\/uploads\/2026\/07\/Atipic-meet-piatra-neamt-1.7-1024x683.jpg 1024w, https:\/\/atipic.ong\/wp-content\/uploads\/2026\/07\/Atipic-meet-piatra-neamt-1.7-300x200.jpg 300w, https:\/\/atipic.ong\/wp-content\/uploads\/2026\/07\/Atipic-meet-piatra-neamt-1.7-768x512.jpg 768w, https:\/\/atipic.ong\/wp-content\/uploads\/2026\/07\/Atipic-meet-piatra-neamt-1.7-1536x1024.jpg 1536w, https:\/\/atipic.ong\/wp-content\/uploads\/2026\/07\/Atipic-meet-piatra-neamt-1.7-18x12.jpg 18w, https:\/\/atipic.ong\/wp-content\/uploads\/2026\/07\/Atipic-meet-piatra-neamt-1.7-370x247.jpg 370w, https:\/\/atipic.ong\/wp-content\/uploads\/2026\/07\/Atipic-meet-piatra-neamt-1.7-840x560.jpg 840w, https:\/\/atipic.ong\/wp-content\/uploads\/2026\/07\/Atipic-meet-piatra-neamt-1.7-410x273.jpg 410w, https:\/\/atipic.ong\/wp-content\/uploads\/2026\/07\/Atipic-meet-piatra-neamt-1.7.jpg 2048w\" sizes=\"(max-width: 1024px) 100vw, 1024px\" \/><\/figure>\n<\/figure>","protected":false},"excerpt":{"rendered":"<p>Piatra Neam\u021b devine oficial parte din re\u021beaua regional\u0103 ATIPIC. Pe 18 iulie 2026, la Rubik Hub, am organizat prima edi\u021bie ATIPIC Meet Piatra Neam\u021b, eveniment care a marcat lansarea filialei&hellip;<\/p>","protected":false},"author":5,"featured_media":63931,"comment_status":"open","ping_status":"open","sticky":false,"template":"","format":"standard","meta":{"_seopress_titles_title":"ATIPIC Neam\u021b: comunitate antreprenorial\u0103 \u00een Piatra Neam\u021b","_seopress_titles_desc":"Pe 18 iulie 2026, ATIPIC a lansat oficial filiala Neam\u021b la Piatra Neam\u021b, al\u0103turi de Comunitatea Sunt Aici \u0219i peste 100 de participan\u021bi.","_seopress_robots_index":"","_seopress_robots_follow":"","_seopress_robots_imageindex":"","_seopress_robots_snippet":"","_seopress_robots_primary_cat":"","_seopress_robots_breadcrumbs":"","_seopress_robots_freeze_modified_date":"","_seopress_robots_custom_modified_date":"","_seopress_robots_canonical":"","_seopress_social_fb_title":"","_seopress_social_fb_desc":"","_seopress_social_fb_img":"","_seopress_social_fb_img_attachment_id":0,"_seopress_social_fb_img_width":0,"_seopress_social_fb_img_height":0,"_seopress_social_twitter_title":"","_seopress_social_twitter_desc":"","_seopress_social_twitter_img":"","_seopress_social_twitter_img_attachment_id":0,"_seopress_social_twitter_img_width":0,"_seopress_social_twitter_img_height":0,"_seopress_redirections_value":"","_seopress_redirections_enabled":"","_seopress_redirections_enabled_regex":"","_seopress_redirections_logged_status":"","_seopress_redirections_param":"","_seopress_redirections_type":0,"_seopress_analysis_target_kw":"comunitate antreprenorial\u0103 Piatra Neam\u021b,ATIPIC Neam\u021b,filiala ATIPIC Neam\u021b,ATIPIC Piatra Neam\u021b,comunitate de antreprenori Piatra Neam\u021b,antreprenori Piatra Neam\u021b,evenimente antreprenoriale Piatra Neam\u021b,ATIPIC Meet Piatra Neam\u021b,Rubik Hub Piatra Neam\u021b,Comunitatea Sunt Aici Piatra Neam\u021b,networking antreprenorial Neam\u021b,comunitate de business Neam\u021b,ecosistem antreprenorial Neam\u021b,evenimente de business Neam\u021b,dezvoltare antreprenorial\u0103 regional\u0103,comunitate antreprenorial\u0103 Moldova","_thinkrank_schema_form_data":"","_thinkrank_selected_schema_type":"","_thinkrank_additional_schemas":"","_thinkrank_canonical_url":"","_thinkrank_og_title":"","_thinkrank_og_description":"","_thinkrank_og_image":"","_thinkrank_twitter_title":"","_thinkrank_twitter_description":"","_thinkrank_twitter_image":"","_thinkrank_imported_from":"","_thinkrank_focus_keywords":[],"_thinkrank_focus_keyword":"","_thinkrank_robots_meta_enabled":0,"_thinkrank_robots_meta":"","_thinkrank_advanced_robots_meta":"","_thinkrank_primary_category":0,"_price":"","_stock":"","_tribe_ticket_header":"","_tribe_default_ticket_provider":"","_tribe_ticket_capacity":"0","_ticket_start_date":"","_ticket_end_date":"","_tribe_ticket_show_description":"","_tribe_ticket_show_not_going":false,"_tribe_ticket_use_global_stock":"","_tribe_ticket_global_stock_level":"","_global_stock_mode":"","_global_stock_cap":"","_tribe_rsvp_for_event":"","_tribe_ticket_going_count":"","_tribe_ticket_not_going_count":"","_tribe_tickets_list":"[]","_tribe_ticket_has_attendee_info_fields":false,"_EventAllDay":false,"_EventTimezone":"","_EventStartDate":"","_EventEndDate":"","_EventStartDateUTC":"","_EventEndDateUTC":"","_EventShowMap":false,"_EventShowMapLink":false,"_EventURL":"","_EventCost":"","_EventCostDescription":"","_EventCurrencySymbol":"","_EventCurrencyCode":"","_EventCurrencyPosition":"","_EventDateTimeSeparator":"","_EventTimeRangeSeparator":"","_EventOrganizerID":[],"_EventVenueID":[],"_OrganizerEmail":"","_OrganizerPhone":"","_OrganizerWebsite":"","_VenueAddress":"","_VenueCity":"","_VenueCountry":"","_VenueProvince":"","_VenueState":"","_VenueZip":"","_VenuePhone":"","_VenueURL":"","_VenueStateProvince":"","_VenueLat":"","_VenueLng":"","_VenueShowMap":false,"_VenueShowMapLink":false,"footnotes":""},"categories":[342,266,306],"tags":[],"class_list":["post-63924","post","type-post","status-publish","format-standard","has-post-thumbnail","hentry","category-aipic-meet-piatra-neamt","category-blog","category-meet-atipic"],"_links":{"self":[{"href":"https:\/\/atipic.ong\/en\/wp-json\/wp\/v2\/posts\/63924","targetHints":{"allow":["GET"]}}],"collection":[{"href":"https:\/\/atipic.ong\/en\/wp-json\/wp\/v2\/posts"}],"about":[{"href":"https:\/\/atipic.ong\/en\/wp-json\/wp\/v2\/types\/post"}],"author":[{"embeddable":true,"href":"https:\/\/atipic.ong\/en\/wp-json\/wp\/v2\/users\/5"}],"replies":[{"embeddable":true,"href":"https:\/\/atipic.ong\/en\/wp-json\/wp\/v2\/comments?post=63924"}],"version-history":[{"count":5,"href":"https:\/\/atipic.ong\/en\/wp-json\/wp\/v2\/posts\/63924\/revisions"}],"predecessor-version":[{"id":63946,"href":"https:\/\/atipic.ong\/en\/wp-json\/wp\/v2\/posts\/63924\/revisions\/63946"}],"wp:featuredmedia":[{"embeddable":true,"href":"https:\/\/atipic.ong\/en\/wp-json\/wp\/v2\/media\/63931"}],"wp:attachment":[{"href":"https:\/\/atipic.ong\/en\/wp-json\/wp\/v2\/media?parent=63924"}],"wp:term":[{"taxonomy":"category","embeddable":true,"href":"https:\/\/atipic.ong\/en\/wp-json\/wp\/v2\/categories?post=63924"},{"taxonomy":"post_tag","embeddable":true,"href":"https:\/\/atipic.ong\/en\/wp-json\/wp\/v2\/tags?post=63924"}],"curies":[{"name":"wp","href":"https:\/\/api.w.org\/{rel}","templated":true}]}}