{"id":63777,"date":"2026-05-14T10:37:38","date_gmt":"2026-05-14T07:37:38","guid":{"rendered":"https:\/\/atipic.ong\/?p=63777"},"modified":"2026-05-14T14:42:39","modified_gmt":"2026-05-14T11:42:39","slug":"atipic-meet-bacau-1-peste-90-de-antreprenori-profesionisti-si-tineri-la-prima-editie","status":"publish","type":"post","link":"https:\/\/atipic.ong\/en\/atipic-meet-bacau-1-peste-90-de-antreprenori-profesionisti-si-tineri-la-prima-editie\/","title":{"rendered":"ATIPIC Meet Bac\u0103u #1: Over 90 Entrepreneurs, Professionals, and Young People at the First Edition"},"content":{"rendered":"<p class=\"wp-block-paragraph\"><strong>ATIPIC Meet Bac\u0103u #1<\/strong> a avut loc pe <strong>May 9, 2026<\/strong>, at <strong><a href=\"https:\/\/fialdhotel.ro\/\" data-type=\"link\" data-id=\"https:\/\/fialdhotel.ro\/\">Fiald Hotel &amp; SPA<\/a><\/strong>, and marked an important moment for the expansion of the ATIPIC community in the Moldova region. The first edition held in Bac\u0103u brought together in the same room over <strong>90 entrepreneurs, professionals, young people interested in development, and individuals looking for new career and business perspectives<\/strong>.<\/p>\n\n\n\n<p class=\"wp-block-paragraph\">The event was organized by <strong>the ATIPIC Entrepreneurial Community Association<\/strong>, through the format <strong><a href=\"https:\/\/atipic.ong\/en\/ce-facem\/atipic-meet\/\">ATIPIC MEET<\/a><\/strong>, a concept built around the idea of authentic connection, applied dialogue, and collaboration between people who want to grow together.<\/p>\n\n\n\n<h2 class=\"wp-block-heading\">What is ATIPIC Meet?<\/h2>\n\n\n\n<p class=\"wp-block-paragraph\"><strong><a href=\"https:\/\/atipic.ong\/en\/ce-facem\/atipic-meet\/\">ATIPIC Meet<\/a><\/strong> is an entrepreneurial event format developed by <a href=\"https:\/\/www.facebook.com\/comunitateaatipic\">ATIPIC Entrepreneurial Community Association<\/a>. The events bring together entrepreneurs, specialists, investors, young people, and professionals from various fields, in an interactive setting based on real experiences, networking, and the exchange of ideas.<\/p>\n\n\n\n<p class=\"wp-block-paragraph\">The purpose of the format is to create contexts in which people don't just come to listen, but to participate actively, ask questions, share their experiences, and build relationships relevant to their personal and professional development.<\/p>\n\n\n\n<h2 class=\"wp-block-heading\">The First ATIPIC Meet Bac\u0103u Edition<\/h2>\n\n\n\n<p class=\"wp-block-paragraph\">The first edition <strong><a href=\"https:\/\/www.facebook.com\/reel\/807352668859349\">ATIPIC Meet Bac\u0103u<\/a><\/strong> kicked off in a warm atmosphere, in a room that quickly became too small. The participants' energy confirmed the growing need for real communities, authentic conversations, and spaces where entrepreneurs, young people, and professionals can find support, inspiration, and direction.<\/p>\n\n\n\n<p class=\"wp-block-paragraph\">The event benefited from a large turnout and collaboration with relevant local communities, including <strong>the Bac\u0103u branch of <a href=\"https:\/\/conaf.ro\/\">CONAF Rom\u00e2nia<\/a><\/strong>. This collaboration helped connect people from different backgrounds, united by their interest in entrepreneurship, education, development, and local involvement.<\/p>\n\n\n\n<h2 class=\"wp-block-heading\">The Speakers of ATIPIC Meet Bac\u0103u #1<\/h2>\n\n\n\n<p class=\"wp-block-paragraph\">ATIPIC Meet Bac\u0103u #1 featured speakers with different but complementary experiences, who brought the audience sincere, applied, and relevant perspectives on the entrepreneurial environment.<\/p>\n\n\n\n<p class=\"wp-block-paragraph\"><strong>Ana-Luiza Ureche<\/strong>, founder of the brand <strong><a href=\"https:\/\/www.facebook.com\/aromatinsiropat\">Aromat \u00censiropat<\/a><\/strong>, talked about the courage to build a business with identity, emotion, and authenticity. Her story gave participants a concrete perspective on how a local brand can grow through passion, consistency, and differentiation.<\/p>\n\n\n\n<p class=\"wp-block-paragraph\"><strong>Denisa Gavrila<\/strong>, member <a href=\"https:\/\/atipic.ong\/en\/atipic-plus\/\">ATIPIC Plus<\/a> and president of the branch <strong>ATIPIC Bac\u0103u<\/strong>, brought up the importance of education, technology, and youth involvement in the community. Her talk highlighted the role that younger generations can play in developing a healthy entrepreneurial ecosystem.<\/p>\n\n\n\n<p class=\"wp-block-paragraph\"><strong>Marius Alexe<\/strong>, an investor at <a href=\"https:\/\/www.bvb.ro\/\">the Bucharest Stock Exchange<\/a> and a constant supporter of the ATIPIC initiative, offered a realistic perspective on discipline, investments, long-term mindset, and responsible financial decisions.<\/p>\n\n\n\n<p class=\"wp-block-paragraph\"><strong>Andrei Simion<\/strong> contributed with an energetic talk about communication, authentic expression, and the power to convey ideas with clarity and impact.<\/p>\n\n\n\n<h2 class=\"wp-block-heading\">A Growing Entrepreneurial Community<\/h2>\n\n\n\n<p class=\"wp-block-paragraph\">One of the most valuable aspects of the event was the active involvement of the participants. People didn't just come to listen, but to ask questions, share experiences, look for solutions, and create new connections.<\/p>\n\n\n\n<p class=\"wp-block-paragraph\">This is the spirit that the ATIPIC Entrepreneurial Community Association continues to cultivate: a vibrant community where collaboration, mutual support, and trust come naturally.<\/p>\n\n\n\n<p class=\"wp-block-paragraph\"><a href=\"https:\/\/atipic.ong\/en\/cine-suntem\/despre-noi\/\">ATIPIC<\/a> is more than just a series of events. It is an entrepreneurial community that is building stronger connections between people from Ia\u0219i, Bac\u0103u, Neam\u021b, Pa\u0219cani, Lacu Ro\u0219u, and other parts of the Moldova region.<\/p>\n\n\n\n<h2 class=\"wp-block-heading\">ATIPIC Social at Hotel Karo Bac\u0103u<\/h2>\n\n\n\n<p class=\"wp-block-paragraph\">After the official program at Fiald Hotel &amp; SPA, the experience continued at <strong><a href=\"https:\/\/hotelkaro.ro\/\">Hotel Karo<\/a><\/strong>with <a href=\"https:\/\/atipic.ong\/en\/ce-facem\/atipic-social\/\"><strong>ATIPIC Social<\/strong>.<\/a><\/p>\n\n\n\n<p class=\"wp-block-paragraph\">The evening was dedicated to relaxed networking, informal conversations, dancing, storytelling, and strengthening the relationships within the community. The atmosphere at Hotel Karo perfectly complemented the energy of the main event, giving participants the opportunity to connect in a more personal and natural setting.<\/p>\n\n\n\n<p class=\"wp-block-paragraph\">The venue's team also played an important role in the overall experience through their hospitality and genuine care for both participants and organizers.<\/p>\n\n\n\n<h2 class=\"wp-block-heading\">More than 20 people involved in organizing the event.<\/h2>\n\n\n\n<p class=\"wp-block-paragraph\">ATIPIC Meet Bac\u0103u #1 was made possible through the dedication and involvement of the organizers leading the ATIPIC Bac\u0103u chapter, <strong>Luiza<\/strong> and <strong>Denisa<\/strong>with the support of fellow community members who joined from Ia\u0219i, Neam\u021b, Pa\u0219cani, and Lacu Ro\u0219u.<\/p>\n\n\n\n<p class=\"wp-block-paragraph\">In total, over <strong>20 people<\/strong> were directly involved in organizing the event. The fact that the organizing team and community members filled more than <strong>15 rooms<\/strong> to stay overnight says a great deal about the direction in which ATIPIC is evolving: not simply as an event organizer, but as an active, connected, and united entrepreneurial community.<\/p>\n\n\n\n<h2 class=\"wp-block-heading\">What's next for ATIPIC Bac\u0103u?<\/h2>\n\n\n\n<p class=\"wp-block-paragraph\">The energy of this first edition clearly shows that Bac\u0103u has the potential to become an important hub within the ATIPIC community network.<\/p>\n\n\n\n<p class=\"wp-block-paragraph\">Next, through the involvement of <strong>Anei-Luiza Ureche<\/strong> and <strong>Denisei Gavrila<\/strong>, the ATIPIC Bac\u0103u community will continue to develop local initiatives, including workshops, educational sessions, networking events for entrepreneurs, and projects dedicated to young people.<\/p>\n\n\n\n<p class=\"wp-block-paragraph\">At the same time, the community members of <strong><a href=\"https:\/\/www.instagram.com\/dcode.info\/\">Dcode<\/a><\/strong> are also invited to take part in the summer events organized as part of the <a href=\"https:\/\/atipic.ong\/en\/ce-facem\/atipic-young\/\"><strong>ATIPIC Young<\/strong> <\/a>in Ia\u0219i, where young people can discover new opportunities for learning, meaningful connections, and personal growth.<\/p>\n\n\n\n<h2 class=\"wp-block-heading\">ATIPIC Meet Bac\u0103u #2 will take place on September 19, 2026<\/h2>\n\n\n\n<p class=\"wp-block-paragraph\">The next edition has already been scheduled:<\/p>\n\n\n\n<p class=\"wp-block-paragraph\"><strong>ATIPIC Meet Bac\u0103u #2 \u2013 September 19, 2026<\/strong><br><strong>Save the date.<\/strong><\/p>\n\n\n\n<p class=\"wp-block-paragraph\">The first edition of ATIPIC Meet Bac\u0103u confirmed that entrepreneurs, professionals, and young people in the region are looking for genuine opportunities to connect. And for the ATIPIC Bac\u0103u community, this is only the beginning.<\/p>\n\n\n\n<blockquote class=\"wp-block-quote is-layout-flow wp-block-quote-is-layout-flow\">\n<p class=\"wp-block-paragraph\">Connecting people and ideas for success. \ud83d\ude80<\/p>\n<\/blockquote>\n\n\n\n<p class=\"wp-block-paragraph\"><strong>Andrei Ungureanu<\/strong><\/p>\n\n\n\n<p class=\"wp-block-paragraph\"><strong>Presedinte ATIPIC<\/strong><\/p>\n\n\n\n<p class=\"wp-block-paragraph\"><strong>European Union Trade Champions Network<\/strong><\/p>\n\n\n\n<p class=\"wp-block-paragraph\">#Atipic #AtipicMeet #AtipicMeetBacau #AtipicYOUNG #comunitateaATIPIC #andreiungureanuaud #audmarketing #AsociatiaComunitateaAntreprenorialaATIPIC #MariusAlexe \ud83d\ude80<\/p>\n\n\n\n<p class=\"wp-block-paragraph\"><\/p>","protected":false},"excerpt":{"rendered":"<p>ATIPIC Meet Bac\u0103u #1 a avut loc pe 9 mai 2026, la Fiald Hotel &amp; SPA, \u0219i a marcat un moment important pentru extinderea comunit\u0103\u021bii ATIPIC \u00een zona Moldovei. Prima&hellip;<\/p>","protected":false},"author":1,"featured_media":63779,"comment_status":"open","ping_status":"open","sticky":false,"template":"","format":"standard","meta":{"_seopress_titles_title":"ATIPIC Meet Bac\u0103u #1: peste 90 de antreprenori \u0219i profesioni\u0219ti","_seopress_titles_desc":"ATIPIC Meet Bac\u0103u #1 a avut loc pe 9 mai 2026 la Fiald Hotel & SPA, reunind peste 90 de antreprenori, profesioni\u0219ti \u0219i tineri interesa\u021bi de dezvoltare de la prima edi\u021bie.","_seopress_robots_index":"","_seopress_robots_follow":"","_seopress_robots_imageindex":"","_seopress_robots_snippet":"","_seopress_robots_primary_cat":"","_seopress_robots_breadcrumbs":"","_seopress_robots_freeze_modified_date":"","_seopress_robots_custom_modified_date":"","_seopress_robots_canonical":"","_seopress_social_fb_title":"ATIPIC Meet Bac\u0103u #1: peste 90 de antreprenori \u0219i profesioni\u0219ti la prima edi\u021bie","_seopress_social_fb_desc":"ATIPIC Meet Bac\u0103u #1 a avut loc pe 9 mai 2026 la Fiald Hotel & SPA, reunind peste 90 de antreprenori, profesioni\u0219ti \u0219i tineri interesa\u021bi de dezvoltare.","_seopress_social_fb_img":"","_seopress_social_fb_img_attachment_id":0,"_seopress_social_fb_img_width":0,"_seopress_social_fb_img_height":0,"_seopress_social_twitter_title":"","_seopress_social_twitter_desc":"","_seopress_social_twitter_img":"","_seopress_social_twitter_img_attachment_id":0,"_seopress_social_twitter_img_width":0,"_seopress_social_twitter_img_height":0,"_seopress_redirections_value":"","_seopress_redirections_enabled":"","_seopress_redirections_enabled_regex":"","_seopress_redirections_logged_status":"","_seopress_redirections_param":"","_seopress_redirections_type":0,"_seopress_analysis_target_kw":"ATIPIC Meet Bac\u0103u,Marius Alexe,Aromat \u00eensiropat Bac\u0103u,eveniment antreprenorial Bac\u0103u,comunitate antreprenorial\u0103 Bac\u0103u,networking antreprenori Bac\u0103u,antreprenoriat Bac\u0103u,evenimente antreprenori Bac\u0103u,evenimente business Bac\u0103u,\u00eent\u00e2lnire antreprenori Bac\u0103u,comunitate de business Bac\u0103u,antreprenori Ia\u0219i Bac\u0103u Neam\u021b,tineri antreprenori Bac\u0103u,tineri interesa\u021bi de antreprenoriat,educa\u021bie antreprenorial\u0103 Bac\u0103u,mentorat antreprenorial","_thinkrank_schema_form_data":"","_thinkrank_selected_schema_type":"","_thinkrank_additional_schemas":"","_thinkrank_canonical_url":"","_thinkrank_og_title":"","_thinkrank_og_description":"","_thinkrank_og_image":"","_thinkrank_twitter_title":"","_thinkrank_twitter_description":"","_thinkrank_twitter_image":"","_thinkrank_imported_from":"","_thinkrank_focus_keywords":[],"_thinkrank_focus_keyword":"","_thinkrank_robots_meta_enabled":0,"_thinkrank_robots_meta":"","_thinkrank_advanced_robots_meta":"","_thinkrank_primary_category":0,"_price":"","_stock":"","_tribe_ticket_header":"","_tribe_default_ticket_provider":"","_tribe_ticket_capacity":"0","_ticket_start_date":"","_ticket_end_date":"","_tribe_ticket_show_description":"","_tribe_ticket_show_not_going":false,"_tribe_ticket_use_global_stock":"","_tribe_ticket_global_stock_level":"","_global_stock_mode":"","_global_stock_cap":"","_tribe_rsvp_for_event":"","_tribe_ticket_going_count":"","_tribe_ticket_not_going_count":"","_tribe_tickets_list":"[]","_tribe_ticket_has_attendee_info_fields":false,"_EventAllDay":false,"_EventTimezone":"","_EventStartDate":"","_EventEndDate":"","_EventStartDateUTC":"","_EventEndDateUTC":"","_EventShowMap":false,"_EventShowMapLink":false,"_EventURL":"","_EventCost":"","_EventCostDescription":"","_EventCurrencySymbol":"","_EventCurrencyCode":"","_EventCurrencyPosition":"","_EventDateTimeSeparator":"","_EventTimeRangeSeparator":"","_EventOrganizerID":[],"_EventVenueID":[],"_OrganizerEmail":"","_OrganizerPhone":"","_OrganizerWebsite":"","_VenueAddress":"","_VenueCity":"","_VenueCountry":"","_VenueProvince":"","_VenueState":"","_VenueZip":"","_VenuePhone":"","_VenueURL":"","_VenueStateProvince":"","_VenueLat":"","_VenueLng":"","_VenueShowMap":false,"_VenueShowMapLink":false,"footnotes":""},"categories":[332,266,307],"tags":[334,337,338,315,333,339,323,340,335,341,336],"class_list":["post-63777","post","type-post","status-publish","format-standard","has-post-thumbnail","hentry","category-atipic-meet-bacau","category-blog","category-evenimente-atipic","tag-ana-luiza-ureche","tag-andrei-simion","tag-andrei-ungureanu","tag-atipic-meet","tag-atipic-meet-bacau","tag-atipic-social-bacau","tag-comunitatea-atipic","tag-conectam-oameni-si-idei-pentru-succes","tag-denisa-gavrila","tag-european-union-trade-champions-network","tag-marius-alexe"],"_links":{"self":[{"href":"https:\/\/atipic.ong\/en\/wp-json\/wp\/v2\/posts\/63777","targetHints":{"allow":["GET"]}}],"collection":[{"href":"https:\/\/atipic.ong\/en\/wp-json\/wp\/v2\/posts"}],"about":[{"href":"https:\/\/atipic.ong\/en\/wp-json\/wp\/v2\/types\/post"}],"author":[{"embeddable":true,"href":"https:\/\/atipic.ong\/en\/wp-json\/wp\/v2\/users\/1"}],"replies":[{"embeddable":true,"href":"https:\/\/atipic.ong\/en\/wp-json\/wp\/v2\/comments?post=63777"}],"version-history":[{"count":3,"href":"https:\/\/atipic.ong\/en\/wp-json\/wp\/v2\/posts\/63777\/revisions"}],"predecessor-version":[{"id":63781,"href":"https:\/\/atipic.ong\/en\/wp-json\/wp\/v2\/posts\/63777\/revisions\/63781"}],"wp:featuredmedia":[{"embeddable":true,"href":"https:\/\/atipic.ong\/en\/wp-json\/wp\/v2\/media\/63779"}],"wp:attachment":[{"href":"https:\/\/atipic.ong\/en\/wp-json\/wp\/v2\/media?parent=63777"}],"wp:term":[{"taxonomy":"category","embeddable":true,"href":"https:\/\/atipic.ong\/en\/wp-json\/wp\/v2\/categories?post=63777"},{"taxonomy":"post_tag","embeddable":true,"href":"https:\/\/atipic.ong\/en\/wp-json\/wp\/v2\/tags?post=63777"}],"curies":[{"name":"wp","href":"https:\/\/api.w.org\/{rel}","templated":true}]}}